{"id":4754,"date":"2012-11-05T00:00:00","date_gmt":"2012-11-05T00:00:00","guid":{"rendered":"https:\/\/atlanticaagricola.com\/vision-du-talent\/"},"modified":"2022-09-20T07:52:50","modified_gmt":"2022-09-20T07:52:50","slug":"vision-du-talent","status":"publish","type":"post","link":"https:\/\/www.atlanticaagricola.com\/fr\/blog\/vision-du-talent\/","title":{"rendered":"Vision du talent"},"content":{"rendered":"<p>Atl\u00e1ntica Agr\u00edcola veut devenir la meilleure entreprise du secteur o\u00f9 travailler et elle est en train de jeter les bases pour y parvenir.<\/p>\n<p>La Direction des Ressources humaines d\u2019Atl\u00e1ntica Agr\u00edcola travaille pour attirer le meilleur talent et pour que nos professionnels actuels aient une meilleure exp\u00e9rience dans leur travail.<\/p>\n<p>Nos priorit\u00e9s sont de connecter avec leurs besoins et leurs int\u00e9r\u00eats, ainsi que la formation et le d\u00e9veloppement de nos \u00e9quipes dans une atmosph\u00e8re qui les inspire, qui nous permette de cro\u00eetre encore et de cr\u00e9er dans le monde entier.<\/p>\n","protected":false},"excerpt":{"rendered":"<p>Atl\u00e1ntica Agr\u00edcola veut devenir la meilleure entreprise du secteur o\u00f9 travailler et elle est en train de jeter les bases pour y parvenir. La Direction des Ressources humaines d\u2019Atl\u00e1ntica Agr\u00edcola travaille pour attirer le meilleur talent et pour que nos professionnels actuels aient une meilleure exp\u00e9rience dans leur travail. Nos priorit\u00e9s sont de connecter avec [&hellip;]<\/p>\n","protected":false},"author":4,"featured_media":4749,"comment_status":"closed","ping_status":"closed","sticky":false,"template":"","format":"standard","meta":{"_acf_changed":false,"inline_featured_image":false,"footnotes":""},"categories":[119],"tags":[],"class_list":["post-4754","post","type-post","status-publish","format-standard","hentry","category-non-classifiee"],"acf":[],"yoast_head":"<!-- This site is optimized with the Yoast SEO plugin v27.8 - https:\/\/yoast.com\/product\/yoast-seo-wordpress\/ -->\n<title>Vision du talent - Atlantica<\/title>\n<meta name=\"robots\" content=\"index, follow, max-snippet:-1, max-image-preview:large, max-video-preview:-1\" \/>\n<link rel=\"canonical\" href=\"https:\/\/www.atlanticaagricola.com\/fr\/blog\/vision-du-talent\/\" \/>\n<meta property=\"og:locale\" content=\"fr_FR\" \/>\n<meta property=\"og:type\" content=\"article\" \/>\n<meta property=\"og:title\" content=\"Vision du talent - Atlantica\" \/>\n<meta property=\"og:description\" content=\"Atl\u00e1ntica Agr\u00edcola veut devenir la meilleure entreprise du secteur o\u00f9 travailler et elle est en train de jeter les bases pour y parvenir. La Direction des Ressources humaines d\u2019Atl\u00e1ntica Agr\u00edcola travaille pour attirer le meilleur talent et pour que nos professionnels actuels aient une meilleure exp\u00e9rience dans leur travail. Nos priorit\u00e9s sont de connecter avec [&hellip;]\" \/>\n<meta property=\"og:url\" content=\"https:\/\/www.atlanticaagricola.com\/fr\/blog\/vision-du-talent\/\" \/>\n<meta property=\"og:site_name\" content=\"Atlantica\" \/>\n<meta property=\"article:publisher\" content=\"https:\/\/www.facebook.com\/atlanticaagricolaoficial\" \/>\n<meta property=\"article:published_time\" content=\"2012-11-05T00:00:00+00:00\" \/>\n<meta property=\"article:modified_time\" content=\"2022-09-20T07:52:50+00:00\" \/>\n<meta property=\"og:image\" content=\"https:\/\/www.atlanticaagricola.com\/wp-content\/uploads\/bg_83_aniversario-1.jpg\" \/>\n\t<meta property=\"og:image:width\" content=\"800\" \/>\n\t<meta property=\"og:image:height\" content=\"533\" \/>\n\t<meta property=\"og:image:type\" content=\"image\/jpeg\" \/>\n<meta name=\"author\" content=\"notificacion\" \/>\n<meta name=\"twitter:card\" content=\"summary_large_image\" \/>\n<meta name=\"twitter:creator\" content=\"@atlanticaagri\" \/>\n<meta name=\"twitter:site\" content=\"@atlanticaagri\" \/>\n<meta name=\"twitter:label1\" content=\"\u00c9crit par\" \/>\n\t<meta name=\"twitter:data1\" content=\"notificacion\" \/>\n\t<meta name=\"twitter:label2\" content=\"Dur\u00e9e de lecture estim\u00e9e\" \/>\n\t<meta name=\"twitter:data2\" content=\"1 minute\" \/>\n<script type=\"application\/ld+json\" class=\"yoast-schema-graph\">{\"@context\":\"https:\\\/\\\/schema.org\",\"@graph\":[{\"@type\":[\"Article\",\"BlogPosting\"],\"@id\":\"https:\\\/\\\/www.atlanticaagricola.com\\\/fr\\\/blog\\\/vision-du-talent\\\/#article\",\"isPartOf\":{\"@id\":\"https:\\\/\\\/www.atlanticaagricola.com\\\/fr\\\/blog\\\/vision-du-talent\\\/\"},\"author\":{\"name\":\"notificacion\",\"@id\":\"https:\\\/\\\/www.atlanticaagricola.com\\\/fr\\\/#\\\/schema\\\/person\\\/7cbf71cb6ae22e7e1579424226524640\"},\"headline\":\"Vision du talent\",\"datePublished\":\"2012-11-05T00:00:00+00:00\",\"dateModified\":\"2022-09-20T07:52:50+00:00\",\"mainEntityOfPage\":{\"@id\":\"https:\\\/\\\/www.atlanticaagricola.com\\\/fr\\\/blog\\\/vision-du-talent\\\/\"},\"wordCount\":105,\"publisher\":{\"@id\":\"https:\\\/\\\/www.atlanticaagricola.com\\\/fr\\\/#organization\"},\"image\":{\"@id\":\"https:\\\/\\\/www.atlanticaagricola.com\\\/fr\\\/blog\\\/vision-du-talent\\\/#primaryimage\"},\"thumbnailUrl\":\"https:\\\/\\\/www.atlanticaagricola.com\\\/wp-content\\\/uploads\\\/bg_83_aniversario-1.jpg\",\"articleSection\":[\"Non classifi\u00e9(e)\"],\"inLanguage\":\"fr-FR\"},{\"@type\":\"WebPage\",\"@id\":\"https:\\\/\\\/www.atlanticaagricola.com\\\/fr\\\/blog\\\/vision-du-talent\\\/\",\"url\":\"https:\\\/\\\/www.atlanticaagricola.com\\\/fr\\\/blog\\\/vision-du-talent\\\/\",\"name\":\"Vision du talent - Atlantica\",\"isPartOf\":{\"@id\":\"https:\\\/\\\/www.atlanticaagricola.com\\\/fr\\\/#website\"},\"primaryImageOfPage\":{\"@id\":\"https:\\\/\\\/www.atlanticaagricola.com\\\/fr\\\/blog\\\/vision-du-talent\\\/#primaryimage\"},\"image\":{\"@id\":\"https:\\\/\\\/www.atlanticaagricola.com\\\/fr\\\/blog\\\/vision-du-talent\\\/#primaryimage\"},\"thumbnailUrl\":\"https:\\\/\\\/www.atlanticaagricola.com\\\/wp-content\\\/uploads\\\/bg_83_aniversario-1.jpg\",\"datePublished\":\"2012-11-05T00:00:00+00:00\",\"dateModified\":\"2022-09-20T07:52:50+00:00\",\"breadcrumb\":{\"@id\":\"https:\\\/\\\/www.atlanticaagricola.com\\\/fr\\\/blog\\\/vision-du-talent\\\/#breadcrumb\"},\"inLanguage\":\"fr-FR\",\"potentialAction\":[{\"@type\":\"ReadAction\",\"target\":[\"https:\\\/\\\/www.atlanticaagricola.com\\\/fr\\\/blog\\\/vision-du-talent\\\/\"]}]},{\"@type\":\"ImageObject\",\"inLanguage\":\"fr-FR\",\"@id\":\"https:\\\/\\\/www.atlanticaagricola.com\\\/fr\\\/blog\\\/vision-du-talent\\\/#primaryimage\",\"url\":\"https:\\\/\\\/www.atlanticaagricola.com\\\/wp-content\\\/uploads\\\/bg_83_aniversario-1.jpg\",\"contentUrl\":\"https:\\\/\\\/www.atlanticaagricola.com\\\/wp-content\\\/uploads\\\/bg_83_aniversario-1.jpg\",\"width\":800,\"height\":533},{\"@type\":\"BreadcrumbList\",\"@id\":\"https:\\\/\\\/www.atlanticaagricola.com\\\/fr\\\/blog\\\/vision-du-talent\\\/#breadcrumb\",\"itemListElement\":[{\"@type\":\"ListItem\",\"position\":1,\"name\":\"Home\",\"item\":\"https:\\\/\\\/www.atlanticaagricola.com\\\/fr\\\/\"},{\"@type\":\"ListItem\",\"position\":2,\"name\":\"Vision du talent\"}]},{\"@type\":\"WebSite\",\"@id\":\"https:\\\/\\\/www.atlanticaagricola.com\\\/fr\\\/#website\",\"url\":\"https:\\\/\\\/www.atlanticaagricola.com\\\/fr\\\/\",\"name\":\"Atlantica\",\"description\":\"Empresa fabricante de productos agr\u00edcolas para grandes explotaciones\",\"publisher\":{\"@id\":\"https:\\\/\\\/www.atlanticaagricola.com\\\/fr\\\/#organization\"},\"alternateName\":\"Atl\u00e1ntica Agr\u00edcola\",\"potentialAction\":[{\"@type\":\"SearchAction\",\"target\":{\"@type\":\"EntryPoint\",\"urlTemplate\":\"https:\\\/\\\/www.atlanticaagricola.com\\\/fr\\\/?s={search_term_string}\"},\"query-input\":{\"@type\":\"PropertyValueSpecification\",\"valueRequired\":true,\"valueName\":\"search_term_string\"}}],\"inLanguage\":\"fr-FR\"},{\"@type\":\"Organization\",\"@id\":\"https:\\\/\\\/www.atlanticaagricola.com\\\/fr\\\/#organization\",\"name\":\"Atl\u00e1ntica Agr\u00edcola\",\"alternateName\":\"AtlanticaAgricola\",\"url\":\"https:\\\/\\\/www.atlanticaagricola.com\\\/fr\\\/\",\"logo\":{\"@type\":\"ImageObject\",\"inLanguage\":\"fr-FR\",\"@id\":\"https:\\\/\\\/www.atlanticaagricola.com\\\/fr\\\/#\\\/schema\\\/logo\\\/image\\\/\",\"url\":\"https:\\\/\\\/www.atlanticaagricola.com\\\/wp-content\\\/uploads\\\/bg_64_logo-atlantica-1.jpg\",\"contentUrl\":\"https:\\\/\\\/www.atlanticaagricola.com\\\/wp-content\\\/uploads\\\/bg_64_logo-atlantica-1.jpg\",\"width\":800,\"height\":565,\"caption\":\"Atl\u00e1ntica Agr\u00edcola\"},\"image\":{\"@id\":\"https:\\\/\\\/www.atlanticaagricola.com\\\/fr\\\/#\\\/schema\\\/logo\\\/image\\\/\"},\"sameAs\":[\"https:\\\/\\\/www.facebook.com\\\/atlanticaagricolaoficial\",\"https:\\\/\\\/x.com\\\/atlanticaagri\",\"https:\\\/\\\/www.instagram.com\\\/atlanticaagricola\\\/\",\"https:\\\/\\\/www.linkedin.com\\\/company\\\/atl\u00e1ntica-agr\u00edcola\\\/\"]},{\"@type\":\"Person\",\"@id\":\"https:\\\/\\\/www.atlanticaagricola.com\\\/fr\\\/#\\\/schema\\\/person\\\/7cbf71cb6ae22e7e1579424226524640\",\"name\":\"notificacion\"}]}<\/script>\n<!-- \/ Yoast SEO plugin. -->","yoast_head_json":{"title":"Vision du talent - Atlantica","robots":{"index":"index","follow":"follow","max-snippet":"max-snippet:-1","max-image-preview":"max-image-preview:large","max-video-preview":"max-video-preview:-1"},"canonical":"https:\/\/www.atlanticaagricola.com\/fr\/blog\/vision-du-talent\/","og_locale":"fr_FR","og_type":"article","og_title":"Vision du talent - Atlantica","og_description":"Atl\u00e1ntica Agr\u00edcola veut devenir la meilleure entreprise du secteur o\u00f9 travailler et elle est en train de jeter les bases pour y parvenir. La Direction des Ressources humaines d\u2019Atl\u00e1ntica Agr\u00edcola travaille pour attirer le meilleur talent et pour que nos professionnels actuels aient une meilleure exp\u00e9rience dans leur travail. Nos priorit\u00e9s sont de connecter avec [&hellip;]","og_url":"https:\/\/www.atlanticaagricola.com\/fr\/blog\/vision-du-talent\/","og_site_name":"Atlantica","article_publisher":"https:\/\/www.facebook.com\/atlanticaagricolaoficial","article_published_time":"2012-11-05T00:00:00+00:00","article_modified_time":"2022-09-20T07:52:50+00:00","og_image":[{"width":800,"height":533,"url":"https:\/\/www.atlanticaagricola.com\/wp-content\/uploads\/bg_83_aniversario-1.jpg","type":"image\/jpeg"}],"author":"notificacion","twitter_card":"summary_large_image","twitter_creator":"@atlanticaagri","twitter_site":"@atlanticaagri","twitter_misc":{"\u00c9crit par":"notificacion","Dur\u00e9e de lecture estim\u00e9e":"1 minute"},"schema":{"@context":"https:\/\/schema.org","@graph":[{"@type":["Article","BlogPosting"],"@id":"https:\/\/www.atlanticaagricola.com\/fr\/blog\/vision-du-talent\/#article","isPartOf":{"@id":"https:\/\/www.atlanticaagricola.com\/fr\/blog\/vision-du-talent\/"},"author":{"name":"notificacion","@id":"https:\/\/www.atlanticaagricola.com\/fr\/#\/schema\/person\/7cbf71cb6ae22e7e1579424226524640"},"headline":"Vision du talent","datePublished":"2012-11-05T00:00:00+00:00","dateModified":"2022-09-20T07:52:50+00:00","mainEntityOfPage":{"@id":"https:\/\/www.atlanticaagricola.com\/fr\/blog\/vision-du-talent\/"},"wordCount":105,"publisher":{"@id":"https:\/\/www.atlanticaagricola.com\/fr\/#organization"},"image":{"@id":"https:\/\/www.atlanticaagricola.com\/fr\/blog\/vision-du-talent\/#primaryimage"},"thumbnailUrl":"https:\/\/www.atlanticaagricola.com\/wp-content\/uploads\/bg_83_aniversario-1.jpg","articleSection":["Non classifi\u00e9(e)"],"inLanguage":"fr-FR"},{"@type":"WebPage","@id":"https:\/\/www.atlanticaagricola.com\/fr\/blog\/vision-du-talent\/","url":"https:\/\/www.atlanticaagricola.com\/fr\/blog\/vision-du-talent\/","name":"Vision du talent - Atlantica","isPartOf":{"@id":"https:\/\/www.atlanticaagricola.com\/fr\/#website"},"primaryImageOfPage":{"@id":"https:\/\/www.atlanticaagricola.com\/fr\/blog\/vision-du-talent\/#primaryimage"},"image":{"@id":"https:\/\/www.atlanticaagricola.com\/fr\/blog\/vision-du-talent\/#primaryimage"},"thumbnailUrl":"https:\/\/www.atlanticaagricola.com\/wp-content\/uploads\/bg_83_aniversario-1.jpg","datePublished":"2012-11-05T00:00:00+00:00","dateModified":"2022-09-20T07:52:50+00:00","breadcrumb":{"@id":"https:\/\/www.atlanticaagricola.com\/fr\/blog\/vision-du-talent\/#breadcrumb"},"inLanguage":"fr-FR","potentialAction":[{"@type":"ReadAction","target":["https:\/\/www.atlanticaagricola.com\/fr\/blog\/vision-du-talent\/"]}]},{"@type":"ImageObject","inLanguage":"fr-FR","@id":"https:\/\/www.atlanticaagricola.com\/fr\/blog\/vision-du-talent\/#primaryimage","url":"https:\/\/www.atlanticaagricola.com\/wp-content\/uploads\/bg_83_aniversario-1.jpg","contentUrl":"https:\/\/www.atlanticaagricola.com\/wp-content\/uploads\/bg_83_aniversario-1.jpg","width":800,"height":533},{"@type":"BreadcrumbList","@id":"https:\/\/www.atlanticaagricola.com\/fr\/blog\/vision-du-talent\/#breadcrumb","itemListElement":[{"@type":"ListItem","position":1,"name":"Home","item":"https:\/\/www.atlanticaagricola.com\/fr\/"},{"@type":"ListItem","position":2,"name":"Vision du talent"}]},{"@type":"WebSite","@id":"https:\/\/www.atlanticaagricola.com\/fr\/#website","url":"https:\/\/www.atlanticaagricola.com\/fr\/","name":"Atlantica","description":"Empresa fabricante de productos agr\u00edcolas para grandes explotaciones","publisher":{"@id":"https:\/\/www.atlanticaagricola.com\/fr\/#organization"},"alternateName":"Atl\u00e1ntica Agr\u00edcola","potentialAction":[{"@type":"SearchAction","target":{"@type":"EntryPoint","urlTemplate":"https:\/\/www.atlanticaagricola.com\/fr\/?s={search_term_string}"},"query-input":{"@type":"PropertyValueSpecification","valueRequired":true,"valueName":"search_term_string"}}],"inLanguage":"fr-FR"},{"@type":"Organization","@id":"https:\/\/www.atlanticaagricola.com\/fr\/#organization","name":"Atl\u00e1ntica Agr\u00edcola","alternateName":"AtlanticaAgricola","url":"https:\/\/www.atlanticaagricola.com\/fr\/","logo":{"@type":"ImageObject","inLanguage":"fr-FR","@id":"https:\/\/www.atlanticaagricola.com\/fr\/#\/schema\/logo\/image\/","url":"https:\/\/www.atlanticaagricola.com\/wp-content\/uploads\/bg_64_logo-atlantica-1.jpg","contentUrl":"https:\/\/www.atlanticaagricola.com\/wp-content\/uploads\/bg_64_logo-atlantica-1.jpg","width":800,"height":565,"caption":"Atl\u00e1ntica Agr\u00edcola"},"image":{"@id":"https:\/\/www.atlanticaagricola.com\/fr\/#\/schema\/logo\/image\/"},"sameAs":["https:\/\/www.facebook.com\/atlanticaagricolaoficial","https:\/\/x.com\/atlanticaagri","https:\/\/www.instagram.com\/atlanticaagricola\/","https:\/\/www.linkedin.com\/company\/atl\u00e1ntica-agr\u00edcola\/"]},{"@type":"Person","@id":"https:\/\/www.atlanticaagricola.com\/fr\/#\/schema\/person\/7cbf71cb6ae22e7e1579424226524640","name":"notificacion"}]}},"_links":{"self":[{"href":"https:\/\/www.atlanticaagricola.com\/fr\/wp-json\/wp\/v2\/posts\/4754","targetHints":{"allow":["GET"]}}],"collection":[{"href":"https:\/\/www.atlanticaagricola.com\/fr\/wp-json\/wp\/v2\/posts"}],"about":[{"href":"https:\/\/www.atlanticaagricola.com\/fr\/wp-json\/wp\/v2\/types\/post"}],"author":[{"embeddable":true,"href":"https:\/\/www.atlanticaagricola.com\/fr\/wp-json\/wp\/v2\/users\/4"}],"replies":[{"embeddable":true,"href":"https:\/\/www.atlanticaagricola.com\/fr\/wp-json\/wp\/v2\/comments?post=4754"}],"version-history":[{"count":1,"href":"https:\/\/www.atlanticaagricola.com\/fr\/wp-json\/wp\/v2\/posts\/4754\/revisions"}],"predecessor-version":[{"id":6052,"href":"https:\/\/www.atlanticaagricola.com\/fr\/wp-json\/wp\/v2\/posts\/4754\/revisions\/6052"}],"wp:featuredmedia":[{"embeddable":true,"href":"https:\/\/www.atlanticaagricola.com\/fr\/wp-json\/wp\/v2\/media\/4749"}],"wp:attachment":[{"href":"https:\/\/www.atlanticaagricola.com\/fr\/wp-json\/wp\/v2\/media?parent=4754"}],"wp:term":[{"taxonomy":"category","embeddable":true,"href":"https:\/\/www.atlanticaagricola.com\/fr\/wp-json\/wp\/v2\/categories?post=4754"},{"taxonomy":"post_tag","embeddable":true,"href":"https:\/\/www.atlanticaagricola.com\/fr\/wp-json\/wp\/v2\/tags?post=4754"}],"curies":[{"name":"wp","href":"https:\/\/api.w.org\/{rel}","templated":true}]}}