{"id":4688,"date":"2012-12-20T00:00:00","date_gmt":"2012-12-19T23:00:00","guid":{"rendered":"https:\/\/atlanticaagricola.com\/adr-imdg-2\/"},"modified":"2022-09-20T08:48:33","modified_gmt":"2022-09-20T08:48:33","slug":"adr-imdg-2","status":"publish","type":"post","link":"https:\/\/www.atlanticaagricola.com\/fr\/blog\/adr-imdg-2\/","title":{"rendered":"ADR\/IMDG"},"content":{"rendered":"<p>Atl\u00e1ntica Agr\u00edcola travaille principalement sur deux voies pour le transport de ses produits\u00a0: route et mer. En fonction du type de produit, nous observons diff\u00e9rentes r\u00e8glementations\u00a0:<\/p>\n<p><strong>R\u00e8glementation routi\u00e8re:<\/strong><\/p>\n<p>ADR\u00a0: Accord europ\u00e9en relatif au transport international des marchandises dangereuses par route.<\/p>\n<p>D\u00e9cret royal 97\/2014, de 14 f\u00e9vrier, r\u00e9gissant les op\u00e9rations de transport de marchandises dangereuses par route sur le territoire espagnol.<\/p>\n<p><strong>R\u00e8glementation maritime:<\/strong><\/p>\n<p>Code IMDG\u00a0: Amendements au code maritime international pour le transport des marchandises dangereuses.<\/p>\n<p>Atl\u00e1ntica Agr\u00edcola travaille avec le consultant et conseiller en s\u00e9curit\u00e9 FIMED, afin de s\u2019assurer, de recevoir conseil et formation pour l\u2019application de la r\u00e8glementation en mati\u00e8re de transport de marchandises dangereuses.<\/p>\n","protected":false},"excerpt":{"rendered":"<p>Atl\u00e1ntica Agr\u00edcola travaille principalement sur deux voies pour le transport de ses produits\u00a0: route et mer. En fonction du type de produit, nous observons diff\u00e9rentes r\u00e8glementations\u00a0: R\u00e8glementation routi\u00e8re: ADR\u00a0: Accord europ\u00e9en relatif au transport international des marchandises dangereuses par route. D\u00e9cret royal 97\/2014, de 14 f\u00e9vrier, r\u00e9gissant les op\u00e9rations de transport de marchandises dangereuses par [&hellip;]<\/p>\n","protected":false},"author":4,"featured_media":0,"comment_status":"closed","ping_status":"closed","sticky":false,"template":"","format":"standard","meta":{"_acf_changed":false,"inline_featured_image":false,"footnotes":""},"categories":[119],"tags":[],"class_list":["post-4688","post","type-post","status-publish","format-standard","hentry","category-non-classifiee"],"acf":[],"yoast_head":"<!-- This site is optimized with the Yoast SEO plugin v27.8 - https:\/\/yoast.com\/product\/yoast-seo-wordpress\/ -->\n<title>ADR\/IMDG - Atlantica<\/title>\n<meta name=\"robots\" content=\"index, follow, max-snippet:-1, max-image-preview:large, max-video-preview:-1\" \/>\n<link rel=\"canonical\" href=\"https:\/\/www.atlanticaagricola.com\/fr\/blog\/adr-imdg-2\/\" \/>\n<meta property=\"og:locale\" content=\"fr_FR\" \/>\n<meta property=\"og:type\" content=\"article\" \/>\n<meta property=\"og:title\" content=\"ADR\/IMDG - Atlantica\" \/>\n<meta property=\"og:description\" content=\"Atl\u00e1ntica Agr\u00edcola travaille principalement sur deux voies pour le transport de ses produits\u00a0: route et mer. En fonction du type de produit, nous observons diff\u00e9rentes r\u00e8glementations\u00a0: R\u00e8glementation routi\u00e8re: ADR\u00a0: Accord europ\u00e9en relatif au transport international des marchandises dangereuses par route. D\u00e9cret royal 97\/2014, de 14 f\u00e9vrier, r\u00e9gissant les op\u00e9rations de transport de marchandises dangereuses par [&hellip;]\" \/>\n<meta property=\"og:url\" content=\"https:\/\/www.atlanticaagricola.com\/fr\/blog\/adr-imdg-2\/\" \/>\n<meta property=\"og:site_name\" content=\"Atlantica\" \/>\n<meta property=\"article:publisher\" content=\"https:\/\/www.facebook.com\/atlanticaagricolaoficial\" \/>\n<meta property=\"article:published_time\" content=\"2012-12-19T23:00:00+00:00\" \/>\n<meta property=\"article:modified_time\" content=\"2022-09-20T08:48:33+00:00\" \/>\n<meta property=\"og:image\" content=\"https:\/\/www.atlanticaagricola.com\/wp-content\/uploads\/logo-grupo-atlantica-575-1.jpg\" \/>\n\t<meta property=\"og:image:width\" content=\"774\" \/>\n\t<meta property=\"og:image:height\" content=\"373\" \/>\n\t<meta property=\"og:image:type\" content=\"image\/jpeg\" \/>\n<meta name=\"author\" content=\"notificacion\" \/>\n<meta name=\"twitter:card\" content=\"summary_large_image\" \/>\n<meta name=\"twitter:creator\" content=\"@atlanticaagri\" \/>\n<meta name=\"twitter:site\" content=\"@atlanticaagri\" \/>\n<meta name=\"twitter:label1\" content=\"\u00c9crit par\" \/>\n\t<meta name=\"twitter:data1\" content=\"notificacion\" \/>\n\t<meta name=\"twitter:label2\" content=\"Dur\u00e9e de lecture estim\u00e9e\" \/>\n\t<meta name=\"twitter:data2\" content=\"1 minute\" \/>\n<script type=\"application\/ld+json\" class=\"yoast-schema-graph\">{\"@context\":\"https:\\\/\\\/schema.org\",\"@graph\":[{\"@type\":[\"Article\",\"BlogPosting\"],\"@id\":\"https:\\\/\\\/www.atlanticaagricola.com\\\/fr\\\/blog\\\/adr-imdg-2\\\/#article\",\"isPartOf\":{\"@id\":\"https:\\\/\\\/www.atlanticaagricola.com\\\/fr\\\/blog\\\/adr-imdg-2\\\/\"},\"author\":{\"name\":\"notificacion\",\"@id\":\"https:\\\/\\\/www.atlanticaagricola.com\\\/fr\\\/#\\\/schema\\\/person\\\/7cbf71cb6ae22e7e1579424226524640\"},\"headline\":\"ADR\\\/IMDG\",\"datePublished\":\"2012-12-19T23:00:00+00:00\",\"dateModified\":\"2022-09-20T08:48:33+00:00\",\"mainEntityOfPage\":{\"@id\":\"https:\\\/\\\/www.atlanticaagricola.com\\\/fr\\\/blog\\\/adr-imdg-2\\\/\"},\"wordCount\":125,\"publisher\":{\"@id\":\"https:\\\/\\\/www.atlanticaagricola.com\\\/fr\\\/#organization\"},\"articleSection\":[\"Non classifi\u00e9(e)\"],\"inLanguage\":\"fr-FR\"},{\"@type\":\"WebPage\",\"@id\":\"https:\\\/\\\/www.atlanticaagricola.com\\\/fr\\\/blog\\\/adr-imdg-2\\\/\",\"url\":\"https:\\\/\\\/www.atlanticaagricola.com\\\/fr\\\/blog\\\/adr-imdg-2\\\/\",\"name\":\"ADR\\\/IMDG - Atlantica\",\"isPartOf\":{\"@id\":\"https:\\\/\\\/www.atlanticaagricola.com\\\/fr\\\/#website\"},\"datePublished\":\"2012-12-19T23:00:00+00:00\",\"dateModified\":\"2022-09-20T08:48:33+00:00\",\"breadcrumb\":{\"@id\":\"https:\\\/\\\/www.atlanticaagricola.com\\\/fr\\\/blog\\\/adr-imdg-2\\\/#breadcrumb\"},\"inLanguage\":\"fr-FR\",\"potentialAction\":[{\"@type\":\"ReadAction\",\"target\":[\"https:\\\/\\\/www.atlanticaagricola.com\\\/fr\\\/blog\\\/adr-imdg-2\\\/\"]}]},{\"@type\":\"BreadcrumbList\",\"@id\":\"https:\\\/\\\/www.atlanticaagricola.com\\\/fr\\\/blog\\\/adr-imdg-2\\\/#breadcrumb\",\"itemListElement\":[{\"@type\":\"ListItem\",\"position\":1,\"name\":\"Home\",\"item\":\"https:\\\/\\\/www.atlanticaagricola.com\\\/fr\\\/\"},{\"@type\":\"ListItem\",\"position\":2,\"name\":\"ADR\\\/IMDG\"}]},{\"@type\":\"WebSite\",\"@id\":\"https:\\\/\\\/www.atlanticaagricola.com\\\/fr\\\/#website\",\"url\":\"https:\\\/\\\/www.atlanticaagricola.com\\\/fr\\\/\",\"name\":\"Atlantica\",\"description\":\"Empresa fabricante de productos agr\u00edcolas para grandes explotaciones\",\"publisher\":{\"@id\":\"https:\\\/\\\/www.atlanticaagricola.com\\\/fr\\\/#organization\"},\"alternateName\":\"Atl\u00e1ntica Agr\u00edcola\",\"potentialAction\":[{\"@type\":\"SearchAction\",\"target\":{\"@type\":\"EntryPoint\",\"urlTemplate\":\"https:\\\/\\\/www.atlanticaagricola.com\\\/fr\\\/?s={search_term_string}\"},\"query-input\":{\"@type\":\"PropertyValueSpecification\",\"valueRequired\":true,\"valueName\":\"search_term_string\"}}],\"inLanguage\":\"fr-FR\"},{\"@type\":\"Organization\",\"@id\":\"https:\\\/\\\/www.atlanticaagricola.com\\\/fr\\\/#organization\",\"name\":\"Atl\u00e1ntica Agr\u00edcola\",\"alternateName\":\"AtlanticaAgricola\",\"url\":\"https:\\\/\\\/www.atlanticaagricola.com\\\/fr\\\/\",\"logo\":{\"@type\":\"ImageObject\",\"inLanguage\":\"fr-FR\",\"@id\":\"https:\\\/\\\/www.atlanticaagricola.com\\\/fr\\\/#\\\/schema\\\/logo\\\/image\\\/\",\"url\":\"https:\\\/\\\/www.atlanticaagricola.com\\\/wp-content\\\/uploads\\\/bg_64_logo-atlantica-1.jpg\",\"contentUrl\":\"https:\\\/\\\/www.atlanticaagricola.com\\\/wp-content\\\/uploads\\\/bg_64_logo-atlantica-1.jpg\",\"width\":800,\"height\":565,\"caption\":\"Atl\u00e1ntica Agr\u00edcola\"},\"image\":{\"@id\":\"https:\\\/\\\/www.atlanticaagricola.com\\\/fr\\\/#\\\/schema\\\/logo\\\/image\\\/\"},\"sameAs\":[\"https:\\\/\\\/www.facebook.com\\\/atlanticaagricolaoficial\",\"https:\\\/\\\/x.com\\\/atlanticaagri\",\"https:\\\/\\\/www.instagram.com\\\/atlanticaagricola\\\/\",\"https:\\\/\\\/www.linkedin.com\\\/company\\\/atl\u00e1ntica-agr\u00edcola\\\/\"]},{\"@type\":\"Person\",\"@id\":\"https:\\\/\\\/www.atlanticaagricola.com\\\/fr\\\/#\\\/schema\\\/person\\\/7cbf71cb6ae22e7e1579424226524640\",\"name\":\"notificacion\"}]}<\/script>\n<!-- \/ Yoast SEO plugin. -->","yoast_head_json":{"title":"ADR\/IMDG - Atlantica","robots":{"index":"index","follow":"follow","max-snippet":"max-snippet:-1","max-image-preview":"max-image-preview:large","max-video-preview":"max-video-preview:-1"},"canonical":"https:\/\/www.atlanticaagricola.com\/fr\/blog\/adr-imdg-2\/","og_locale":"fr_FR","og_type":"article","og_title":"ADR\/IMDG - Atlantica","og_description":"Atl\u00e1ntica Agr\u00edcola travaille principalement sur deux voies pour le transport de ses produits\u00a0: route et mer. En fonction du type de produit, nous observons diff\u00e9rentes r\u00e8glementations\u00a0: R\u00e8glementation routi\u00e8re: ADR\u00a0: Accord europ\u00e9en relatif au transport international des marchandises dangereuses par route. D\u00e9cret royal 97\/2014, de 14 f\u00e9vrier, r\u00e9gissant les op\u00e9rations de transport de marchandises dangereuses par [&hellip;]","og_url":"https:\/\/www.atlanticaagricola.com\/fr\/blog\/adr-imdg-2\/","og_site_name":"Atlantica","article_publisher":"https:\/\/www.facebook.com\/atlanticaagricolaoficial","article_published_time":"2012-12-19T23:00:00+00:00","article_modified_time":"2022-09-20T08:48:33+00:00","og_image":[{"width":774,"height":373,"url":"https:\/\/www.atlanticaagricola.com\/wp-content\/uploads\/logo-grupo-atlantica-575-1.jpg","type":"image\/jpeg"}],"author":"notificacion","twitter_card":"summary_large_image","twitter_creator":"@atlanticaagri","twitter_site":"@atlanticaagri","twitter_misc":{"\u00c9crit par":"notificacion","Dur\u00e9e de lecture estim\u00e9e":"1 minute"},"schema":{"@context":"https:\/\/schema.org","@graph":[{"@type":["Article","BlogPosting"],"@id":"https:\/\/www.atlanticaagricola.com\/fr\/blog\/adr-imdg-2\/#article","isPartOf":{"@id":"https:\/\/www.atlanticaagricola.com\/fr\/blog\/adr-imdg-2\/"},"author":{"name":"notificacion","@id":"https:\/\/www.atlanticaagricola.com\/fr\/#\/schema\/person\/7cbf71cb6ae22e7e1579424226524640"},"headline":"ADR\/IMDG","datePublished":"2012-12-19T23:00:00+00:00","dateModified":"2022-09-20T08:48:33+00:00","mainEntityOfPage":{"@id":"https:\/\/www.atlanticaagricola.com\/fr\/blog\/adr-imdg-2\/"},"wordCount":125,"publisher":{"@id":"https:\/\/www.atlanticaagricola.com\/fr\/#organization"},"articleSection":["Non classifi\u00e9(e)"],"inLanguage":"fr-FR"},{"@type":"WebPage","@id":"https:\/\/www.atlanticaagricola.com\/fr\/blog\/adr-imdg-2\/","url":"https:\/\/www.atlanticaagricola.com\/fr\/blog\/adr-imdg-2\/","name":"ADR\/IMDG - Atlantica","isPartOf":{"@id":"https:\/\/www.atlanticaagricola.com\/fr\/#website"},"datePublished":"2012-12-19T23:00:00+00:00","dateModified":"2022-09-20T08:48:33+00:00","breadcrumb":{"@id":"https:\/\/www.atlanticaagricola.com\/fr\/blog\/adr-imdg-2\/#breadcrumb"},"inLanguage":"fr-FR","potentialAction":[{"@type":"ReadAction","target":["https:\/\/www.atlanticaagricola.com\/fr\/blog\/adr-imdg-2\/"]}]},{"@type":"BreadcrumbList","@id":"https:\/\/www.atlanticaagricola.com\/fr\/blog\/adr-imdg-2\/#breadcrumb","itemListElement":[{"@type":"ListItem","position":1,"name":"Home","item":"https:\/\/www.atlanticaagricola.com\/fr\/"},{"@type":"ListItem","position":2,"name":"ADR\/IMDG"}]},{"@type":"WebSite","@id":"https:\/\/www.atlanticaagricola.com\/fr\/#website","url":"https:\/\/www.atlanticaagricola.com\/fr\/","name":"Atlantica","description":"Empresa fabricante de productos agr\u00edcolas para grandes explotaciones","publisher":{"@id":"https:\/\/www.atlanticaagricola.com\/fr\/#organization"},"alternateName":"Atl\u00e1ntica Agr\u00edcola","potentialAction":[{"@type":"SearchAction","target":{"@type":"EntryPoint","urlTemplate":"https:\/\/www.atlanticaagricola.com\/fr\/?s={search_term_string}"},"query-input":{"@type":"PropertyValueSpecification","valueRequired":true,"valueName":"search_term_string"}}],"inLanguage":"fr-FR"},{"@type":"Organization","@id":"https:\/\/www.atlanticaagricola.com\/fr\/#organization","name":"Atl\u00e1ntica Agr\u00edcola","alternateName":"AtlanticaAgricola","url":"https:\/\/www.atlanticaagricola.com\/fr\/","logo":{"@type":"ImageObject","inLanguage":"fr-FR","@id":"https:\/\/www.atlanticaagricola.com\/fr\/#\/schema\/logo\/image\/","url":"https:\/\/www.atlanticaagricola.com\/wp-content\/uploads\/bg_64_logo-atlantica-1.jpg","contentUrl":"https:\/\/www.atlanticaagricola.com\/wp-content\/uploads\/bg_64_logo-atlantica-1.jpg","width":800,"height":565,"caption":"Atl\u00e1ntica Agr\u00edcola"},"image":{"@id":"https:\/\/www.atlanticaagricola.com\/fr\/#\/schema\/logo\/image\/"},"sameAs":["https:\/\/www.facebook.com\/atlanticaagricolaoficial","https:\/\/x.com\/atlanticaagri","https:\/\/www.instagram.com\/atlanticaagricola\/","https:\/\/www.linkedin.com\/company\/atl\u00e1ntica-agr\u00edcola\/"]},{"@type":"Person","@id":"https:\/\/www.atlanticaagricola.com\/fr\/#\/schema\/person\/7cbf71cb6ae22e7e1579424226524640","name":"notificacion"}]}},"_links":{"self":[{"href":"https:\/\/www.atlanticaagricola.com\/fr\/wp-json\/wp\/v2\/posts\/4688","targetHints":{"allow":["GET"]}}],"collection":[{"href":"https:\/\/www.atlanticaagricola.com\/fr\/wp-json\/wp\/v2\/posts"}],"about":[{"href":"https:\/\/www.atlanticaagricola.com\/fr\/wp-json\/wp\/v2\/types\/post"}],"author":[{"embeddable":true,"href":"https:\/\/www.atlanticaagricola.com\/fr\/wp-json\/wp\/v2\/users\/4"}],"replies":[{"embeddable":true,"href":"https:\/\/www.atlanticaagricola.com\/fr\/wp-json\/wp\/v2\/comments?post=4688"}],"version-history":[{"count":1,"href":"https:\/\/www.atlanticaagricola.com\/fr\/wp-json\/wp\/v2\/posts\/4688\/revisions"}],"predecessor-version":[{"id":6168,"href":"https:\/\/www.atlanticaagricola.com\/fr\/wp-json\/wp\/v2\/posts\/4688\/revisions\/6168"}],"wp:attachment":[{"href":"https:\/\/www.atlanticaagricola.com\/fr\/wp-json\/wp\/v2\/media?parent=4688"}],"wp:term":[{"taxonomy":"category","embeddable":true,"href":"https:\/\/www.atlanticaagricola.com\/fr\/wp-json\/wp\/v2\/categories?post=4688"},{"taxonomy":"post_tag","embeddable":true,"href":"https:\/\/www.atlanticaagricola.com\/fr\/wp-json\/wp\/v2\/tags?post=4688"}],"curies":[{"name":"wp","href":"https:\/\/api.w.org\/{rel}","templated":true}]}}