{"id":4422,"date":"2021-05-24T00:00:00","date_gmt":"2021-05-24T00:00:00","guid":{"rendered":"https:\/\/atlanticaagricola.com\/marta-gutirrez-nouvelle-directrice-datlntica-agrcola\/"},"modified":"2022-09-15T08:15:49","modified_gmt":"2022-09-15T08:15:49","slug":"marta-gutirrez-nouvelle-directrice-datlntica-agrcola","status":"publish","type":"post","link":"https:\/\/www.atlanticaagricola.com\/fr\/blog\/marta-gutirrez-nouvelle-directrice-datlntica-agrcola\/","title":{"rendered":"Marta Guti&eacute;rrez, nouvelle directrice d&rsquo;Atl&aacute;ntica Agr&iacute;cola"},"content":{"rendered":"<p>&nbsp;<\/p>\n<p style=\"text-align: center;\">Elle remplace Francisco Miguel, actuel directeur g\u00e9n\u00e9ral de l\u2019entreprise.<\/p>\n<p style=\"text-align: center;\">\n<p style=\"text-align: justify;\">Atl\u00e1ntica Agr\u00edcola annonce la nomination de Marta Guti\u00e9rrez au poste de directrice g\u00e9n\u00e9rale \u00e0 partir du 7 juin.<\/p>\n<p style=\"text-align: justify;\">Francisco Miguel, quant \u00e0 lui, met fin \u00e0 un parcours de 15 ans \u00e0 la t\u00eate de l\u2019entreprise.<\/p>\n<p style=\"text-align: justify;\">Marta int\u00e8gre ses nouvelles fonctions avec pour mission de diriger l\u2019<strong>expansion internationale<\/strong>, la <strong>num\u00e9risation<\/strong> de l\u2019entreprise et la <strong>transformation int\u00e9grale<\/strong> requises par le projet de la soci\u00e9t\u00e9 pour les ann\u00e9es \u00e0 venir.<\/p>\n<p style=\"text-align: justify;\">Avec plus de 15 ans d\u2019exp\u00e9rience dans le secteur industriel, Guti\u00e9rrez a men\u00e9 une longue carri\u00e8re sur les <strong>march\u00e9s internationaux en dirigeant des processus de production en Asie ou en Australie<\/strong> et en exer\u00e7ant son activit\u00e9 sur diff\u00e9rents continents. Elle a acquis une expertise dans les domaines de la fabrication, la fiscalit\u00e9, les co\u00fbts, la logistique, les achats et le contr\u00f4le de la qualit\u00e9 sur diff\u00e9rents march\u00e9s internationaux.<\/p>\n<p style=\"text-align: justify;\">Marta a occup\u00e9 diff\u00e9rents postes tels que directrice g\u00e9n\u00e9rale, directrice adjointe ou directrice de la strat\u00e9gie et du d\u00e9veloppement commercial dans divers secteurs, notamment le ciment, la technologie et la pharmacie.<\/p>\n<p style=\"text-align: justify;\"><em>\u00ab\u00a0J\u2019assume ce nouveau poste avec la responsabilit\u00e9 et l\u2019espoir de contribuer \u00e0 <strong>la transformation et \u00e0 la croissance<\/strong> d\u2019Atl\u00e1ntica Agr\u00edcola, en consolidant son engagement envers ses employ\u00e9s, ses clients et d\u2019autres groupes d\u2019int\u00e9r\u00eat, et mettant en place des <strong>exp\u00e9riences de haute performance et des m\u00e9thodes agiles<\/strong> qui nous apportent l\u2019excellence, la qualit\u00e9 et l\u2019innovation, en mettant toujours l\u2019accent sur le d\u00e9veloppement d\u2019un <strong>mod\u00e8le d\u2019entreprise conscient<\/strong> bas\u00e9 sur <strong>les personnes, la responsabilit\u00e9 et la durabilit\u00e9<\/strong>\u00a0\u00bb<\/em>, affirme la nouvelle directrice d\u2019Atl\u00e1ntica Agr\u00edcola.<\/p>\n<p style=\"text-align: justify;\"><em>Selon Antonio Montilla, copr\u00e9sident et cofondateur d\u2019Atl\u00e1ntica Agr\u00edcola, \u00ab\u00a0Marta Guti\u00e9rrez rejoint notre grande famille mondiale \u00e0 un moment strat\u00e9gique de <strong>transfert g\u00e9n\u00e9rationnel<\/strong>. Elle nous apportera \u00e9galement sa perspective de <strong>l\u2019industrie 4.0<\/strong>, ainsi qu\u2019un nouveau concept <strong>d\u2019entreprise 360<\/strong>, n\u00e9cessaires pour que l\u2019entreprise fasse un saut qualitatif et puisse s\u2019adapter aux exigences d\u2019une soci\u00e9t\u00e9 qui \u00e9volue rapidement, d\u2019un march\u00e9 mondial tr\u00e8s comp\u00e9titif et d\u2019une plan\u00e8te qui a besoin imp\u00e9rativement de notre attention\u00a0\u00bb.<\/em><\/p>\n<p style=\"text-align: justify;\">Marta Guti\u00e9rrez est ing\u00e9nieure g\u00e9nie industriel avec Executive MBA et participe r\u00e9guli\u00e8rement \u00e0 des conf\u00e9rences internationales sur la 4<sup>e<\/sup> r\u00e9volution industrielle, les technologies de stockage et de transmission d\u2019informations, en particulier Blockchain.<\/p>\n<p style=\"text-align: justify;\"><span class=\"-fontSizeSmaller\"><strong><u>Atl\u00e1ntica Agr\u00edcola<\/u><\/strong> est une r\u00e9f\u00e9rence mondiale en nutrition, biostimulation et protection v\u00e9g\u00e9tale. Avec 40 ans d\u2019exp\u00e9rience et 200 employ\u00e9s, elle s\u2019\u00e9tend aujourd&rsquo;hui dans le monde entier gr\u00e2ce \u00e0 8 filiales et \u00e0 un r\u00e9seau de distribution qui fait parvenir ses solutions dans plus de 60 pays. Atl\u00e1ntica Agr\u00edcola est une entreprise familiale en constante croissance et adaptation qui axe sa mission toujours en accord avec les Objectifs de d\u00e9veloppement durable de l\u2019Agenda 2030 ainsi qu\u2019avec d\u2019autres strat\u00e9gies europ\u00e9ennes majeures telles que \u00ab\u00a0De la ferme \u00e0 la table\u00a0\u00bb et \u00ab\u00a0Biodiversit\u00e9 \u00e0 l\u2019horizon 2030\u00a0\u00bb.\u00a0 Le but de toutes les personnes qui travaillent \u00e0 Atl\u00e1ntica Agr\u00edcola est de cr\u00e9er une Agriculture Positive pour tous, qui soit r\u00e9paratrice, activatrice, avec des sols et des plantes aux structures saines, augmentant \u00e9galement les niveaux de productivit\u00e9 et de comp\u00e9titivit\u00e9 des cultures. Pour en savoir plus <a href=\"https:\/\/www.atlanticaagricola.com\/\">www.atlanticaagricola.com<\/a>.<\/span><\/p>\n<p style=\"text-align: right;\">\n<p style=\"text-align: right;\"><span class=\"-fontSizeSmaller\"><u>Pour plus d&rsquo;informations:<\/u><br \/>\nMaria Fern\u00e1ndez Madinabeitia<br \/>\n<strong>Responsable des Communications<\/strong><br \/>\nmfernandez@atlanticaagricola.com<br \/>\nT. 697 40 20 10<\/span><\/p>\n<p style=\"text-align: justify;\">\n","protected":false},"excerpt":{"rendered":"<p>&nbsp; Elle remplace Francisco Miguel, actuel directeur g\u00e9n\u00e9ral de l\u2019entreprise. Atl\u00e1ntica Agr\u00edcola annonce la nomination de Marta Guti\u00e9rrez au poste de directrice g\u00e9n\u00e9rale \u00e0 partir du 7 juin. Francisco Miguel, quant \u00e0 lui, met fin \u00e0 un parcours de 15 ans \u00e0 la t\u00eate de l\u2019entreprise. Marta int\u00e8gre ses nouvelles fonctions avec pour mission de [&hellip;]<\/p>\n","protected":false},"author":4,"featured_media":4417,"comment_status":"closed","ping_status":"closed","sticky":false,"template":"","format":"standard","meta":{"_acf_changed":false,"inline_featured_image":false,"footnotes":""},"categories":[119],"tags":[],"class_list":["post-4422","post","type-post","status-publish","format-standard","hentry","category-non-classifiee"],"acf":[],"yoast_head":"<!-- This site is optimized with the Yoast SEO plugin v27.8 - https:\/\/yoast.com\/product\/yoast-seo-wordpress\/ -->\n<title>Marta Guti&eacute;rrez, nouvelle directrice d&rsquo;Atl&aacute;ntica Agr&iacute;cola - Atlantica<\/title>\n<meta name=\"robots\" content=\"index, follow, max-snippet:-1, max-image-preview:large, max-video-preview:-1\" \/>\n<link rel=\"canonical\" href=\"https:\/\/www.atlanticaagricola.com\/fr\/blog\/marta-gutirrez-nouvelle-directrice-datlntica-agrcola\/\" \/>\n<meta property=\"og:locale\" content=\"fr_FR\" \/>\n<meta property=\"og:type\" content=\"article\" \/>\n<meta property=\"og:title\" content=\"Marta Guti&eacute;rrez, nouvelle directrice d&rsquo;Atl&aacute;ntica Agr&iacute;cola - Atlantica\" \/>\n<meta property=\"og:description\" content=\"&nbsp; Elle remplace Francisco Miguel, actuel directeur g\u00e9n\u00e9ral de l\u2019entreprise. Atl\u00e1ntica Agr\u00edcola annonce la nomination de Marta Guti\u00e9rrez au poste de directrice g\u00e9n\u00e9rale \u00e0 partir du 7 juin. Francisco Miguel, quant \u00e0 lui, met fin \u00e0 un parcours de 15 ans \u00e0 la t\u00eate de l\u2019entreprise. Marta int\u00e8gre ses nouvelles fonctions avec pour mission de [&hellip;]\" \/>\n<meta property=\"og:url\" content=\"https:\/\/www.atlanticaagricola.com\/fr\/blog\/marta-gutirrez-nouvelle-directrice-datlntica-agrcola\/\" \/>\n<meta property=\"og:site_name\" content=\"Atlantica\" \/>\n<meta property=\"article:publisher\" content=\"https:\/\/www.facebook.com\/atlanticaagricolaoficial\" \/>\n<meta property=\"article:published_time\" content=\"2021-05-24T00:00:00+00:00\" \/>\n<meta property=\"article:modified_time\" content=\"2022-09-15T08:15:49+00:00\" \/>\n<meta property=\"og:image\" content=\"https:\/\/www.atlanticaagricola.com\/wp-content\/uploads\/cuadrada-centrada-1.jpg\" \/>\n\t<meta property=\"og:image:width\" content=\"1200\" \/>\n\t<meta property=\"og:image:height\" content=\"1220\" \/>\n\t<meta property=\"og:image:type\" content=\"image\/jpeg\" \/>\n<meta name=\"author\" content=\"notificacion\" \/>\n<meta name=\"twitter:card\" content=\"summary_large_image\" \/>\n<meta name=\"twitter:creator\" content=\"@atlanticaagri\" \/>\n<meta name=\"twitter:site\" content=\"@atlanticaagri\" \/>\n<meta name=\"twitter:label1\" content=\"\u00c9crit par\" \/>\n\t<meta name=\"twitter:data1\" content=\"notificacion\" \/>\n\t<meta name=\"twitter:label2\" content=\"Dur\u00e9e de lecture estim\u00e9e\" \/>\n\t<meta name=\"twitter:data2\" content=\"3 minutes\" \/>\n<script type=\"application\/ld+json\" class=\"yoast-schema-graph\">{\"@context\":\"https:\\\/\\\/schema.org\",\"@graph\":[{\"@type\":[\"Article\",\"BlogPosting\"],\"@id\":\"https:\\\/\\\/www.atlanticaagricola.com\\\/fr\\\/blog\\\/marta-gutirrez-nouvelle-directrice-datlntica-agrcola\\\/#article\",\"isPartOf\":{\"@id\":\"https:\\\/\\\/www.atlanticaagricola.com\\\/fr\\\/blog\\\/marta-gutirrez-nouvelle-directrice-datlntica-agrcola\\\/\"},\"author\":{\"name\":\"notificacion\",\"@id\":\"https:\\\/\\\/www.atlanticaagricola.com\\\/fr\\\/#\\\/schema\\\/person\\\/7cbf71cb6ae22e7e1579424226524640\"},\"headline\":\"Marta Guti&eacute;rrez, nouvelle directrice d&rsquo;Atl&aacute;ntica Agr&iacute;cola\",\"datePublished\":\"2021-05-24T00:00:00+00:00\",\"dateModified\":\"2022-09-15T08:15:49+00:00\",\"mainEntityOfPage\":{\"@id\":\"https:\\\/\\\/www.atlanticaagricola.com\\\/fr\\\/blog\\\/marta-gutirrez-nouvelle-directrice-datlntica-agrcola\\\/\"},\"wordCount\":617,\"publisher\":{\"@id\":\"https:\\\/\\\/www.atlanticaagricola.com\\\/fr\\\/#organization\"},\"image\":{\"@id\":\"https:\\\/\\\/www.atlanticaagricola.com\\\/fr\\\/blog\\\/marta-gutirrez-nouvelle-directrice-datlntica-agrcola\\\/#primaryimage\"},\"thumbnailUrl\":\"https:\\\/\\\/www.atlanticaagricola.com\\\/wp-content\\\/uploads\\\/cuadrada-centrada-1.jpg\",\"articleSection\":[\"Non classifi\u00e9(e)\"],\"inLanguage\":\"fr-FR\"},{\"@type\":\"WebPage\",\"@id\":\"https:\\\/\\\/www.atlanticaagricola.com\\\/fr\\\/blog\\\/marta-gutirrez-nouvelle-directrice-datlntica-agrcola\\\/\",\"url\":\"https:\\\/\\\/www.atlanticaagricola.com\\\/fr\\\/blog\\\/marta-gutirrez-nouvelle-directrice-datlntica-agrcola\\\/\",\"name\":\"Marta Guti&eacute;rrez, nouvelle directrice d&rsquo;Atl&aacute;ntica Agr&iacute;cola - Atlantica\",\"isPartOf\":{\"@id\":\"https:\\\/\\\/www.atlanticaagricola.com\\\/fr\\\/#website\"},\"primaryImageOfPage\":{\"@id\":\"https:\\\/\\\/www.atlanticaagricola.com\\\/fr\\\/blog\\\/marta-gutirrez-nouvelle-directrice-datlntica-agrcola\\\/#primaryimage\"},\"image\":{\"@id\":\"https:\\\/\\\/www.atlanticaagricola.com\\\/fr\\\/blog\\\/marta-gutirrez-nouvelle-directrice-datlntica-agrcola\\\/#primaryimage\"},\"thumbnailUrl\":\"https:\\\/\\\/www.atlanticaagricola.com\\\/wp-content\\\/uploads\\\/cuadrada-centrada-1.jpg\",\"datePublished\":\"2021-05-24T00:00:00+00:00\",\"dateModified\":\"2022-09-15T08:15:49+00:00\",\"breadcrumb\":{\"@id\":\"https:\\\/\\\/www.atlanticaagricola.com\\\/fr\\\/blog\\\/marta-gutirrez-nouvelle-directrice-datlntica-agrcola\\\/#breadcrumb\"},\"inLanguage\":\"fr-FR\",\"potentialAction\":[{\"@type\":\"ReadAction\",\"target\":[\"https:\\\/\\\/www.atlanticaagricola.com\\\/fr\\\/blog\\\/marta-gutirrez-nouvelle-directrice-datlntica-agrcola\\\/\"]}]},{\"@type\":\"ImageObject\",\"inLanguage\":\"fr-FR\",\"@id\":\"https:\\\/\\\/www.atlanticaagricola.com\\\/fr\\\/blog\\\/marta-gutirrez-nouvelle-directrice-datlntica-agrcola\\\/#primaryimage\",\"url\":\"https:\\\/\\\/www.atlanticaagricola.com\\\/wp-content\\\/uploads\\\/cuadrada-centrada-1.jpg\",\"contentUrl\":\"https:\\\/\\\/www.atlanticaagricola.com\\\/wp-content\\\/uploads\\\/cuadrada-centrada-1.jpg\",\"width\":1200,\"height\":1220},{\"@type\":\"BreadcrumbList\",\"@id\":\"https:\\\/\\\/www.atlanticaagricola.com\\\/fr\\\/blog\\\/marta-gutirrez-nouvelle-directrice-datlntica-agrcola\\\/#breadcrumb\",\"itemListElement\":[{\"@type\":\"ListItem\",\"position\":1,\"name\":\"Home\",\"item\":\"https:\\\/\\\/www.atlanticaagricola.com\\\/fr\\\/\"},{\"@type\":\"ListItem\",\"position\":2,\"name\":\"Marta Guti&eacute;rrez, nouvelle directrice d&rsquo;Atl&aacute;ntica Agr&iacute;cola\"}]},{\"@type\":\"WebSite\",\"@id\":\"https:\\\/\\\/www.atlanticaagricola.com\\\/fr\\\/#website\",\"url\":\"https:\\\/\\\/www.atlanticaagricola.com\\\/fr\\\/\",\"name\":\"Atlantica\",\"description\":\"Empresa fabricante de productos agr\u00edcolas para grandes explotaciones\",\"publisher\":{\"@id\":\"https:\\\/\\\/www.atlanticaagricola.com\\\/fr\\\/#organization\"},\"alternateName\":\"Atl\u00e1ntica Agr\u00edcola\",\"potentialAction\":[{\"@type\":\"SearchAction\",\"target\":{\"@type\":\"EntryPoint\",\"urlTemplate\":\"https:\\\/\\\/www.atlanticaagricola.com\\\/fr\\\/?s={search_term_string}\"},\"query-input\":{\"@type\":\"PropertyValueSpecification\",\"valueRequired\":true,\"valueName\":\"search_term_string\"}}],\"inLanguage\":\"fr-FR\"},{\"@type\":\"Organization\",\"@id\":\"https:\\\/\\\/www.atlanticaagricola.com\\\/fr\\\/#organization\",\"name\":\"Atl\u00e1ntica Agr\u00edcola\",\"alternateName\":\"AtlanticaAgricola\",\"url\":\"https:\\\/\\\/www.atlanticaagricola.com\\\/fr\\\/\",\"logo\":{\"@type\":\"ImageObject\",\"inLanguage\":\"fr-FR\",\"@id\":\"https:\\\/\\\/www.atlanticaagricola.com\\\/fr\\\/#\\\/schema\\\/logo\\\/image\\\/\",\"url\":\"https:\\\/\\\/www.atlanticaagricola.com\\\/wp-content\\\/uploads\\\/bg_64_logo-atlantica-1.jpg\",\"contentUrl\":\"https:\\\/\\\/www.atlanticaagricola.com\\\/wp-content\\\/uploads\\\/bg_64_logo-atlantica-1.jpg\",\"width\":800,\"height\":565,\"caption\":\"Atl\u00e1ntica Agr\u00edcola\"},\"image\":{\"@id\":\"https:\\\/\\\/www.atlanticaagricola.com\\\/fr\\\/#\\\/schema\\\/logo\\\/image\\\/\"},\"sameAs\":[\"https:\\\/\\\/www.facebook.com\\\/atlanticaagricolaoficial\",\"https:\\\/\\\/x.com\\\/atlanticaagri\",\"https:\\\/\\\/www.instagram.com\\\/atlanticaagricola\\\/\",\"https:\\\/\\\/www.linkedin.com\\\/company\\\/atl\u00e1ntica-agr\u00edcola\\\/\"]},{\"@type\":\"Person\",\"@id\":\"https:\\\/\\\/www.atlanticaagricola.com\\\/fr\\\/#\\\/schema\\\/person\\\/7cbf71cb6ae22e7e1579424226524640\",\"name\":\"notificacion\"}]}<\/script>\n<!-- \/ Yoast SEO plugin. -->","yoast_head_json":{"title":"Marta Guti&eacute;rrez, nouvelle directrice d&rsquo;Atl&aacute;ntica Agr&iacute;cola - Atlantica","robots":{"index":"index","follow":"follow","max-snippet":"max-snippet:-1","max-image-preview":"max-image-preview:large","max-video-preview":"max-video-preview:-1"},"canonical":"https:\/\/www.atlanticaagricola.com\/fr\/blog\/marta-gutirrez-nouvelle-directrice-datlntica-agrcola\/","og_locale":"fr_FR","og_type":"article","og_title":"Marta Guti&eacute;rrez, nouvelle directrice d&rsquo;Atl&aacute;ntica Agr&iacute;cola - Atlantica","og_description":"&nbsp; Elle remplace Francisco Miguel, actuel directeur g\u00e9n\u00e9ral de l\u2019entreprise. Atl\u00e1ntica Agr\u00edcola annonce la nomination de Marta Guti\u00e9rrez au poste de directrice g\u00e9n\u00e9rale \u00e0 partir du 7 juin. Francisco Miguel, quant \u00e0 lui, met fin \u00e0 un parcours de 15 ans \u00e0 la t\u00eate de l\u2019entreprise. Marta int\u00e8gre ses nouvelles fonctions avec pour mission de [&hellip;]","og_url":"https:\/\/www.atlanticaagricola.com\/fr\/blog\/marta-gutirrez-nouvelle-directrice-datlntica-agrcola\/","og_site_name":"Atlantica","article_publisher":"https:\/\/www.facebook.com\/atlanticaagricolaoficial","article_published_time":"2021-05-24T00:00:00+00:00","article_modified_time":"2022-09-15T08:15:49+00:00","og_image":[{"width":1200,"height":1220,"url":"https:\/\/www.atlanticaagricola.com\/wp-content\/uploads\/cuadrada-centrada-1.jpg","type":"image\/jpeg"}],"author":"notificacion","twitter_card":"summary_large_image","twitter_creator":"@atlanticaagri","twitter_site":"@atlanticaagri","twitter_misc":{"\u00c9crit par":"notificacion","Dur\u00e9e de lecture estim\u00e9e":"3 minutes"},"schema":{"@context":"https:\/\/schema.org","@graph":[{"@type":["Article","BlogPosting"],"@id":"https:\/\/www.atlanticaagricola.com\/fr\/blog\/marta-gutirrez-nouvelle-directrice-datlntica-agrcola\/#article","isPartOf":{"@id":"https:\/\/www.atlanticaagricola.com\/fr\/blog\/marta-gutirrez-nouvelle-directrice-datlntica-agrcola\/"},"author":{"name":"notificacion","@id":"https:\/\/www.atlanticaagricola.com\/fr\/#\/schema\/person\/7cbf71cb6ae22e7e1579424226524640"},"headline":"Marta Guti&eacute;rrez, nouvelle directrice d&rsquo;Atl&aacute;ntica Agr&iacute;cola","datePublished":"2021-05-24T00:00:00+00:00","dateModified":"2022-09-15T08:15:49+00:00","mainEntityOfPage":{"@id":"https:\/\/www.atlanticaagricola.com\/fr\/blog\/marta-gutirrez-nouvelle-directrice-datlntica-agrcola\/"},"wordCount":617,"publisher":{"@id":"https:\/\/www.atlanticaagricola.com\/fr\/#organization"},"image":{"@id":"https:\/\/www.atlanticaagricola.com\/fr\/blog\/marta-gutirrez-nouvelle-directrice-datlntica-agrcola\/#primaryimage"},"thumbnailUrl":"https:\/\/www.atlanticaagricola.com\/wp-content\/uploads\/cuadrada-centrada-1.jpg","articleSection":["Non classifi\u00e9(e)"],"inLanguage":"fr-FR"},{"@type":"WebPage","@id":"https:\/\/www.atlanticaagricola.com\/fr\/blog\/marta-gutirrez-nouvelle-directrice-datlntica-agrcola\/","url":"https:\/\/www.atlanticaagricola.com\/fr\/blog\/marta-gutirrez-nouvelle-directrice-datlntica-agrcola\/","name":"Marta Guti&eacute;rrez, nouvelle directrice d&rsquo;Atl&aacute;ntica Agr&iacute;cola - Atlantica","isPartOf":{"@id":"https:\/\/www.atlanticaagricola.com\/fr\/#website"},"primaryImageOfPage":{"@id":"https:\/\/www.atlanticaagricola.com\/fr\/blog\/marta-gutirrez-nouvelle-directrice-datlntica-agrcola\/#primaryimage"},"image":{"@id":"https:\/\/www.atlanticaagricola.com\/fr\/blog\/marta-gutirrez-nouvelle-directrice-datlntica-agrcola\/#primaryimage"},"thumbnailUrl":"https:\/\/www.atlanticaagricola.com\/wp-content\/uploads\/cuadrada-centrada-1.jpg","datePublished":"2021-05-24T00:00:00+00:00","dateModified":"2022-09-15T08:15:49+00:00","breadcrumb":{"@id":"https:\/\/www.atlanticaagricola.com\/fr\/blog\/marta-gutirrez-nouvelle-directrice-datlntica-agrcola\/#breadcrumb"},"inLanguage":"fr-FR","potentialAction":[{"@type":"ReadAction","target":["https:\/\/www.atlanticaagricola.com\/fr\/blog\/marta-gutirrez-nouvelle-directrice-datlntica-agrcola\/"]}]},{"@type":"ImageObject","inLanguage":"fr-FR","@id":"https:\/\/www.atlanticaagricola.com\/fr\/blog\/marta-gutirrez-nouvelle-directrice-datlntica-agrcola\/#primaryimage","url":"https:\/\/www.atlanticaagricola.com\/wp-content\/uploads\/cuadrada-centrada-1.jpg","contentUrl":"https:\/\/www.atlanticaagricola.com\/wp-content\/uploads\/cuadrada-centrada-1.jpg","width":1200,"height":1220},{"@type":"BreadcrumbList","@id":"https:\/\/www.atlanticaagricola.com\/fr\/blog\/marta-gutirrez-nouvelle-directrice-datlntica-agrcola\/#breadcrumb","itemListElement":[{"@type":"ListItem","position":1,"name":"Home","item":"https:\/\/www.atlanticaagricola.com\/fr\/"},{"@type":"ListItem","position":2,"name":"Marta Guti&eacute;rrez, nouvelle directrice d&rsquo;Atl&aacute;ntica Agr&iacute;cola"}]},{"@type":"WebSite","@id":"https:\/\/www.atlanticaagricola.com\/fr\/#website","url":"https:\/\/www.atlanticaagricola.com\/fr\/","name":"Atlantica","description":"Empresa fabricante de productos agr\u00edcolas para grandes explotaciones","publisher":{"@id":"https:\/\/www.atlanticaagricola.com\/fr\/#organization"},"alternateName":"Atl\u00e1ntica Agr\u00edcola","potentialAction":[{"@type":"SearchAction","target":{"@type":"EntryPoint","urlTemplate":"https:\/\/www.atlanticaagricola.com\/fr\/?s={search_term_string}"},"query-input":{"@type":"PropertyValueSpecification","valueRequired":true,"valueName":"search_term_string"}}],"inLanguage":"fr-FR"},{"@type":"Organization","@id":"https:\/\/www.atlanticaagricola.com\/fr\/#organization","name":"Atl\u00e1ntica Agr\u00edcola","alternateName":"AtlanticaAgricola","url":"https:\/\/www.atlanticaagricola.com\/fr\/","logo":{"@type":"ImageObject","inLanguage":"fr-FR","@id":"https:\/\/www.atlanticaagricola.com\/fr\/#\/schema\/logo\/image\/","url":"https:\/\/www.atlanticaagricola.com\/wp-content\/uploads\/bg_64_logo-atlantica-1.jpg","contentUrl":"https:\/\/www.atlanticaagricola.com\/wp-content\/uploads\/bg_64_logo-atlantica-1.jpg","width":800,"height":565,"caption":"Atl\u00e1ntica Agr\u00edcola"},"image":{"@id":"https:\/\/www.atlanticaagricola.com\/fr\/#\/schema\/logo\/image\/"},"sameAs":["https:\/\/www.facebook.com\/atlanticaagricolaoficial","https:\/\/x.com\/atlanticaagri","https:\/\/www.instagram.com\/atlanticaagricola\/","https:\/\/www.linkedin.com\/company\/atl\u00e1ntica-agr\u00edcola\/"]},{"@type":"Person","@id":"https:\/\/www.atlanticaagricola.com\/fr\/#\/schema\/person\/7cbf71cb6ae22e7e1579424226524640","name":"notificacion"}]}},"_links":{"self":[{"href":"https:\/\/www.atlanticaagricola.com\/fr\/wp-json\/wp\/v2\/posts\/4422","targetHints":{"allow":["GET"]}}],"collection":[{"href":"https:\/\/www.atlanticaagricola.com\/fr\/wp-json\/wp\/v2\/posts"}],"about":[{"href":"https:\/\/www.atlanticaagricola.com\/fr\/wp-json\/wp\/v2\/types\/post"}],"author":[{"embeddable":true,"href":"https:\/\/www.atlanticaagricola.com\/fr\/wp-json\/wp\/v2\/users\/4"}],"replies":[{"embeddable":true,"href":"https:\/\/www.atlanticaagricola.com\/fr\/wp-json\/wp\/v2\/comments?post=4422"}],"version-history":[{"count":1,"href":"https:\/\/www.atlanticaagricola.com\/fr\/wp-json\/wp\/v2\/posts\/4422\/revisions"}],"predecessor-version":[{"id":5905,"href":"https:\/\/www.atlanticaagricola.com\/fr\/wp-json\/wp\/v2\/posts\/4422\/revisions\/5905"}],"wp:featuredmedia":[{"embeddable":true,"href":"https:\/\/www.atlanticaagricola.com\/fr\/wp-json\/wp\/v2\/media\/4417"}],"wp:attachment":[{"href":"https:\/\/www.atlanticaagricola.com\/fr\/wp-json\/wp\/v2\/media?parent=4422"}],"wp:term":[{"taxonomy":"category","embeddable":true,"href":"https:\/\/www.atlanticaagricola.com\/fr\/wp-json\/wp\/v2\/categories?post=4422"},{"taxonomy":"post_tag","embeddable":true,"href":"https:\/\/www.atlanticaagricola.com\/fr\/wp-json\/wp\/v2\/tags?post=4422"}],"curies":[{"name":"wp","href":"https:\/\/api.w.org\/{rel}","templated":true}]}}