{"id":4421,"date":"2021-05-24T00:00:00","date_gmt":"2021-05-24T00:00:00","guid":{"rendered":"https:\/\/atlanticaagricola.com\/marta-gutirrez-new-ceo-of-atlntica-agrcola\/"},"modified":"2022-09-15T08:16:54","modified_gmt":"2022-09-15T08:16:54","slug":"marta-gutirrez-new-ceo-of-atlntica-agrcola","status":"publish","type":"post","link":"https:\/\/www.atlanticaagricola.com\/en\/blog\/marta-gutirrez-new-ceo-of-atlntica-agrcola\/","title":{"rendered":"Marta Guti&eacute;rrez, new CEO of Atl&aacute;ntica Agr&iacute;cola"},"content":{"rendered":"<p style=\"text-align: center;\">Replacing Francisco Miguel, until now the CEO of the company.<\/p>\n<address>\u00a0<\/address>\n<p style=\"text-align: justify;\">Atl\u00e1ntica Agr\u00edcola announces the appointment of Marta Guti\u00e9rrez as CEO, which will take effect on 7 June.<\/p>\n<p style=\"text-align: justify;\">Francisco Miguel has decided to step down from his position from which he has led the company for the past 15 years.<\/p>\n<p style=\"text-align: justify;\">With her new role, Marta&#8217;s goal is to guide the company towards <strong>global expansion<\/strong>, <strong>digitisation<\/strong> and a <strong>comprehensive transformation<\/strong>, all of which she hopes to achieve over the next few years.<\/p>\n<p style=\"text-align: justify;\">Boasting over 15 years of experience in the industry sector, Ms Guti\u00e9rrez has been responsible for projects such as <strong>managing production processes in international markets like Asia and Australia<\/strong> and developing business across various continents, which has enabled her to gain expertise in manufacturing, taxation, costs, logistics, purchasing and quality control in a range of global markets.<\/p>\n<p style=\"text-align: justify;\">Marta has occupied the position of CEO, Associate Director and Director of Strategy and Business Development in companies in a number of sectors, including cement, technology and pharmacy.<\/p>\n<p style=\"text-align: justify;\">\u201c<em>I am excited to begin this new role and take on the responsibility of propelling us towards the <strong>transformation and growth<\/strong> of Atl\u00e1ntica Agr\u00edcola, furthering its commitment to its employees, clients and other interest groups, and developing <strong>high-output processes and agile methodologies<\/strong> that foster excellence, quality and innovation, while putting the focus on creating a <strong>conscious business model<\/strong> that is based on <strong>people, responsibility and sustainability<\/strong><\/em>\u201d, declares the new CEO of Atl\u00e1ntica Agr\u00edcola.<\/p>\n<p style=\"text-align: justify;\"><em>In the words of Antonio Montilla, Co-President and Co-Founder of Atl\u00e1ntica Agr\u00edcola, \u201cMarta Guti\u00e9rrez is joining our Big Global Family at a critical moment of <strong>generational transfer<\/strong>. In addition, she will provide her expert perspective on <strong>Industry 4.0<\/strong> and a <strong>360\u00ba business model<\/strong>, necessary for the company to take a qualitative leap forward and adapt to meet the demands of a society that is rapidly changing, a highly competitive global market and a planet that requires our urgent attention.\u201d<\/em><\/p>\n<p style=\"text-align: justify;\">Marta Guti\u00e9rrez is a technical industrial engineer who holds an executive MBA and is a regular at international conferences on the Fourth Industrial Revolution, enabling technologies and, especially, Blockchain.<\/p>\n<p style=\"text-align: justify;\"><span class=\"-fontSizeSmaller\"><strong><u>Atl\u00e1ntica Agr\u00edcola<\/u><\/strong> is a world leader in nutrition, biostimulation and plant protection. With 40 years of experience and a total of 200 employees, the company now has a truly global outreach with 8 branches and a distribution network that disperses its solutions to over 60 countries. Atl\u00e1ntica Agr\u00edcola is a family company that is constantly growing and adapting, with the UN\u2019s Sustainable Development Goals at the centre of its activity, in addition to other European incentives such as From Farm to Fork and the EU Biodiversity Strategy for 2030.\u00a0 It is the goal of everyone at Atl\u00e1ntica Agr\u00edcola to create a positive agriculture for all, one that repairs and activates, and with soils and plants that have healthy structures, while increasing productivity levels and crop competitiveness. For more information, visit <a href=\"https:\/\/www.atlanticaagricola.com\/\">www.atlanticaagricola.com<\/a>.<\/span><\/p>\n<p style=\"text-align: right;\">\n<p style=\"text-align: right;\"><span class=\"-fontSizeSmaller\"><u>For more information:<\/u><br \/>\nMaria Fern\u00e1ndez Madinabeitia<br \/>\n<strong>Head of Communications<\/strong><br \/>\nmfernandez@atlanticaagricola.com<br \/>\nT. 697 40 20 10<\/span><\/p>\n","protected":false},"excerpt":{"rendered":"<p>Replacing Francisco Miguel, until now the CEO of the company. \u00a0 Atl\u00e1ntica Agr\u00edcola announces the appointment of Marta Guti\u00e9rrez as CEO, which will take effect on 7 June. Francisco Miguel has decided to step down from his position from which he has led the company for the past 15 years. With her new role, Marta&#8217;s [&hellip;]<\/p>\n","protected":false},"author":4,"featured_media":4417,"comment_status":"closed","ping_status":"closed","sticky":false,"template":"","format":"standard","meta":{"_acf_changed":false,"inline_featured_image":false,"footnotes":""},"categories":[109],"tags":[],"class_list":["post-4421","post","type-post","status-publish","format-standard","hentry","category-uncategorized"],"acf":[],"yoast_head":"<!-- This site is optimized with the Yoast SEO plugin v27.8 - https:\/\/yoast.com\/product\/yoast-seo-wordpress\/ -->\n<title>Marta Guti&eacute;rrez, new CEO of Atl&aacute;ntica Agr&iacute;cola - Atlantica<\/title>\n<meta name=\"robots\" content=\"index, follow, max-snippet:-1, max-image-preview:large, max-video-preview:-1\" \/>\n<link rel=\"canonical\" href=\"https:\/\/www.atlanticaagricola.com\/en\/blog\/marta-gutirrez-new-ceo-of-atlntica-agrcola\/\" \/>\n<meta property=\"og:locale\" content=\"en_US\" \/>\n<meta property=\"og:type\" content=\"article\" \/>\n<meta property=\"og:title\" content=\"Marta Guti&eacute;rrez, new CEO of Atl&aacute;ntica Agr&iacute;cola - Atlantica\" \/>\n<meta property=\"og:description\" content=\"Replacing Francisco Miguel, until now the CEO of the company. \u00a0 Atl\u00e1ntica Agr\u00edcola announces the appointment of Marta Guti\u00e9rrez as CEO, which will take effect on 7 June. Francisco Miguel has decided to step down from his position from which he has led the company for the past 15 years. With her new role, Marta&#8217;s [&hellip;]\" \/>\n<meta property=\"og:url\" content=\"https:\/\/www.atlanticaagricola.com\/en\/blog\/marta-gutirrez-new-ceo-of-atlntica-agrcola\/\" \/>\n<meta property=\"og:site_name\" content=\"Atlantica\" \/>\n<meta property=\"article:publisher\" content=\"https:\/\/www.facebook.com\/atlanticaagricolaoficial\" \/>\n<meta property=\"article:published_time\" content=\"2021-05-24T00:00:00+00:00\" \/>\n<meta property=\"article:modified_time\" content=\"2022-09-15T08:16:54+00:00\" \/>\n<meta property=\"og:image\" content=\"https:\/\/www.atlanticaagricola.com\/wp-content\/uploads\/cuadrada-centrada-1.jpg\" \/>\n\t<meta property=\"og:image:width\" content=\"1200\" \/>\n\t<meta property=\"og:image:height\" content=\"1220\" \/>\n\t<meta property=\"og:image:type\" content=\"image\/jpeg\" \/>\n<meta name=\"author\" content=\"notificacion\" \/>\n<meta name=\"twitter:card\" content=\"summary_large_image\" \/>\n<meta name=\"twitter:creator\" content=\"@atlanticaagri\" \/>\n<meta name=\"twitter:site\" content=\"@atlanticaagri\" \/>\n<meta name=\"twitter:label1\" content=\"Written by\" \/>\n\t<meta name=\"twitter:data1\" content=\"notificacion\" \/>\n\t<meta name=\"twitter:label2\" content=\"Est. reading time\" \/>\n\t<meta name=\"twitter:data2\" content=\"3 minutes\" \/>\n<script type=\"application\/ld+json\" class=\"yoast-schema-graph\">{\"@context\":\"https:\\\/\\\/schema.org\",\"@graph\":[{\"@type\":[\"Article\",\"BlogPosting\"],\"@id\":\"https:\\\/\\\/www.atlanticaagricola.com\\\/en\\\/blog\\\/marta-gutirrez-new-ceo-of-atlntica-agrcola\\\/#article\",\"isPartOf\":{\"@id\":\"https:\\\/\\\/www.atlanticaagricola.com\\\/en\\\/blog\\\/marta-gutirrez-new-ceo-of-atlntica-agrcola\\\/\"},\"author\":{\"name\":\"notificacion\",\"@id\":\"https:\\\/\\\/www.atlanticaagricola.com\\\/en\\\/#\\\/schema\\\/person\\\/7cbf71cb6ae22e7e1579424226524640\"},\"headline\":\"Marta Guti&eacute;rrez, new CEO of Atl&aacute;ntica Agr&iacute;cola\",\"datePublished\":\"2021-05-24T00:00:00+00:00\",\"dateModified\":\"2022-09-15T08:16:54+00:00\",\"mainEntityOfPage\":{\"@id\":\"https:\\\/\\\/www.atlanticaagricola.com\\\/en\\\/blog\\\/marta-gutirrez-new-ceo-of-atlntica-agrcola\\\/\"},\"wordCount\":516,\"publisher\":{\"@id\":\"https:\\\/\\\/www.atlanticaagricola.com\\\/en\\\/#organization\"},\"image\":{\"@id\":\"https:\\\/\\\/www.atlanticaagricola.com\\\/en\\\/blog\\\/marta-gutirrez-new-ceo-of-atlntica-agrcola\\\/#primaryimage\"},\"thumbnailUrl\":\"https:\\\/\\\/www.atlanticaagricola.com\\\/wp-content\\\/uploads\\\/cuadrada-centrada-1.jpg\",\"inLanguage\":\"en-US\"},{\"@type\":\"WebPage\",\"@id\":\"https:\\\/\\\/www.atlanticaagricola.com\\\/en\\\/blog\\\/marta-gutirrez-new-ceo-of-atlntica-agrcola\\\/\",\"url\":\"https:\\\/\\\/www.atlanticaagricola.com\\\/en\\\/blog\\\/marta-gutirrez-new-ceo-of-atlntica-agrcola\\\/\",\"name\":\"Marta Guti&eacute;rrez, new CEO of Atl&aacute;ntica Agr&iacute;cola - Atlantica\",\"isPartOf\":{\"@id\":\"https:\\\/\\\/www.atlanticaagricola.com\\\/en\\\/#website\"},\"primaryImageOfPage\":{\"@id\":\"https:\\\/\\\/www.atlanticaagricola.com\\\/en\\\/blog\\\/marta-gutirrez-new-ceo-of-atlntica-agrcola\\\/#primaryimage\"},\"image\":{\"@id\":\"https:\\\/\\\/www.atlanticaagricola.com\\\/en\\\/blog\\\/marta-gutirrez-new-ceo-of-atlntica-agrcola\\\/#primaryimage\"},\"thumbnailUrl\":\"https:\\\/\\\/www.atlanticaagricola.com\\\/wp-content\\\/uploads\\\/cuadrada-centrada-1.jpg\",\"datePublished\":\"2021-05-24T00:00:00+00:00\",\"dateModified\":\"2022-09-15T08:16:54+00:00\",\"breadcrumb\":{\"@id\":\"https:\\\/\\\/www.atlanticaagricola.com\\\/en\\\/blog\\\/marta-gutirrez-new-ceo-of-atlntica-agrcola\\\/#breadcrumb\"},\"inLanguage\":\"en-US\",\"potentialAction\":[{\"@type\":\"ReadAction\",\"target\":[\"https:\\\/\\\/www.atlanticaagricola.com\\\/en\\\/blog\\\/marta-gutirrez-new-ceo-of-atlntica-agrcola\\\/\"]}]},{\"@type\":\"ImageObject\",\"inLanguage\":\"en-US\",\"@id\":\"https:\\\/\\\/www.atlanticaagricola.com\\\/en\\\/blog\\\/marta-gutirrez-new-ceo-of-atlntica-agrcola\\\/#primaryimage\",\"url\":\"https:\\\/\\\/www.atlanticaagricola.com\\\/wp-content\\\/uploads\\\/cuadrada-centrada-1.jpg\",\"contentUrl\":\"https:\\\/\\\/www.atlanticaagricola.com\\\/wp-content\\\/uploads\\\/cuadrada-centrada-1.jpg\",\"width\":1200,\"height\":1220},{\"@type\":\"BreadcrumbList\",\"@id\":\"https:\\\/\\\/www.atlanticaagricola.com\\\/en\\\/blog\\\/marta-gutirrez-new-ceo-of-atlntica-agrcola\\\/#breadcrumb\",\"itemListElement\":[{\"@type\":\"ListItem\",\"position\":1,\"name\":\"Home\",\"item\":\"https:\\\/\\\/www.atlanticaagricola.com\\\/en\\\/\"},{\"@type\":\"ListItem\",\"position\":2,\"name\":\"Marta Guti&eacute;rrez, new CEO of Atl&aacute;ntica Agr&iacute;cola\"}]},{\"@type\":\"WebSite\",\"@id\":\"https:\\\/\\\/www.atlanticaagricola.com\\\/en\\\/#website\",\"url\":\"https:\\\/\\\/www.atlanticaagricola.com\\\/en\\\/\",\"name\":\"Atlantica\",\"description\":\"Empresa fabricante de productos agr\u00edcolas para grandes explotaciones\",\"publisher\":{\"@id\":\"https:\\\/\\\/www.atlanticaagricola.com\\\/en\\\/#organization\"},\"alternateName\":\"Atl\u00e1ntica Agr\u00edcola\",\"potentialAction\":[{\"@type\":\"SearchAction\",\"target\":{\"@type\":\"EntryPoint\",\"urlTemplate\":\"https:\\\/\\\/www.atlanticaagricola.com\\\/en\\\/?s={search_term_string}\"},\"query-input\":{\"@type\":\"PropertyValueSpecification\",\"valueRequired\":true,\"valueName\":\"search_term_string\"}}],\"inLanguage\":\"en-US\"},{\"@type\":\"Organization\",\"@id\":\"https:\\\/\\\/www.atlanticaagricola.com\\\/en\\\/#organization\",\"name\":\"Atl\u00e1ntica Agr\u00edcola\",\"alternateName\":\"AtlanticaAgricola\",\"url\":\"https:\\\/\\\/www.atlanticaagricola.com\\\/en\\\/\",\"logo\":{\"@type\":\"ImageObject\",\"inLanguage\":\"en-US\",\"@id\":\"https:\\\/\\\/www.atlanticaagricola.com\\\/en\\\/#\\\/schema\\\/logo\\\/image\\\/\",\"url\":\"https:\\\/\\\/www.atlanticaagricola.com\\\/wp-content\\\/uploads\\\/bg_64_logo-atlantica-1.jpg\",\"contentUrl\":\"https:\\\/\\\/www.atlanticaagricola.com\\\/wp-content\\\/uploads\\\/bg_64_logo-atlantica-1.jpg\",\"width\":800,\"height\":565,\"caption\":\"Atl\u00e1ntica Agr\u00edcola\"},\"image\":{\"@id\":\"https:\\\/\\\/www.atlanticaagricola.com\\\/en\\\/#\\\/schema\\\/logo\\\/image\\\/\"},\"sameAs\":[\"https:\\\/\\\/www.facebook.com\\\/atlanticaagricolaoficial\",\"https:\\\/\\\/x.com\\\/atlanticaagri\",\"https:\\\/\\\/www.instagram.com\\\/atlanticaagricola\\\/\",\"https:\\\/\\\/www.linkedin.com\\\/company\\\/atl\u00e1ntica-agr\u00edcola\\\/\"]},{\"@type\":\"Person\",\"@id\":\"https:\\\/\\\/www.atlanticaagricola.com\\\/en\\\/#\\\/schema\\\/person\\\/7cbf71cb6ae22e7e1579424226524640\",\"name\":\"notificacion\"}]}<\/script>\n<!-- \/ Yoast SEO plugin. -->","yoast_head_json":{"title":"Marta Guti&eacute;rrez, new CEO of Atl&aacute;ntica Agr&iacute;cola - Atlantica","robots":{"index":"index","follow":"follow","max-snippet":"max-snippet:-1","max-image-preview":"max-image-preview:large","max-video-preview":"max-video-preview:-1"},"canonical":"https:\/\/www.atlanticaagricola.com\/en\/blog\/marta-gutirrez-new-ceo-of-atlntica-agrcola\/","og_locale":"en_US","og_type":"article","og_title":"Marta Guti&eacute;rrez, new CEO of Atl&aacute;ntica Agr&iacute;cola - Atlantica","og_description":"Replacing Francisco Miguel, until now the CEO of the company. \u00a0 Atl\u00e1ntica Agr\u00edcola announces the appointment of Marta Guti\u00e9rrez as CEO, which will take effect on 7 June. Francisco Miguel has decided to step down from his position from which he has led the company for the past 15 years. With her new role, Marta&#8217;s [&hellip;]","og_url":"https:\/\/www.atlanticaagricola.com\/en\/blog\/marta-gutirrez-new-ceo-of-atlntica-agrcola\/","og_site_name":"Atlantica","article_publisher":"https:\/\/www.facebook.com\/atlanticaagricolaoficial","article_published_time":"2021-05-24T00:00:00+00:00","article_modified_time":"2022-09-15T08:16:54+00:00","og_image":[{"width":1200,"height":1220,"url":"https:\/\/www.atlanticaagricola.com\/wp-content\/uploads\/cuadrada-centrada-1.jpg","type":"image\/jpeg"}],"author":"notificacion","twitter_card":"summary_large_image","twitter_creator":"@atlanticaagri","twitter_site":"@atlanticaagri","twitter_misc":{"Written by":"notificacion","Est. reading time":"3 minutes"},"schema":{"@context":"https:\/\/schema.org","@graph":[{"@type":["Article","BlogPosting"],"@id":"https:\/\/www.atlanticaagricola.com\/en\/blog\/marta-gutirrez-new-ceo-of-atlntica-agrcola\/#article","isPartOf":{"@id":"https:\/\/www.atlanticaagricola.com\/en\/blog\/marta-gutirrez-new-ceo-of-atlntica-agrcola\/"},"author":{"name":"notificacion","@id":"https:\/\/www.atlanticaagricola.com\/en\/#\/schema\/person\/7cbf71cb6ae22e7e1579424226524640"},"headline":"Marta Guti&eacute;rrez, new CEO of Atl&aacute;ntica Agr&iacute;cola","datePublished":"2021-05-24T00:00:00+00:00","dateModified":"2022-09-15T08:16:54+00:00","mainEntityOfPage":{"@id":"https:\/\/www.atlanticaagricola.com\/en\/blog\/marta-gutirrez-new-ceo-of-atlntica-agrcola\/"},"wordCount":516,"publisher":{"@id":"https:\/\/www.atlanticaagricola.com\/en\/#organization"},"image":{"@id":"https:\/\/www.atlanticaagricola.com\/en\/blog\/marta-gutirrez-new-ceo-of-atlntica-agrcola\/#primaryimage"},"thumbnailUrl":"https:\/\/www.atlanticaagricola.com\/wp-content\/uploads\/cuadrada-centrada-1.jpg","inLanguage":"en-US"},{"@type":"WebPage","@id":"https:\/\/www.atlanticaagricola.com\/en\/blog\/marta-gutirrez-new-ceo-of-atlntica-agrcola\/","url":"https:\/\/www.atlanticaagricola.com\/en\/blog\/marta-gutirrez-new-ceo-of-atlntica-agrcola\/","name":"Marta Guti&eacute;rrez, new CEO of Atl&aacute;ntica Agr&iacute;cola - Atlantica","isPartOf":{"@id":"https:\/\/www.atlanticaagricola.com\/en\/#website"},"primaryImageOfPage":{"@id":"https:\/\/www.atlanticaagricola.com\/en\/blog\/marta-gutirrez-new-ceo-of-atlntica-agrcola\/#primaryimage"},"image":{"@id":"https:\/\/www.atlanticaagricola.com\/en\/blog\/marta-gutirrez-new-ceo-of-atlntica-agrcola\/#primaryimage"},"thumbnailUrl":"https:\/\/www.atlanticaagricola.com\/wp-content\/uploads\/cuadrada-centrada-1.jpg","datePublished":"2021-05-24T00:00:00+00:00","dateModified":"2022-09-15T08:16:54+00:00","breadcrumb":{"@id":"https:\/\/www.atlanticaagricola.com\/en\/blog\/marta-gutirrez-new-ceo-of-atlntica-agrcola\/#breadcrumb"},"inLanguage":"en-US","potentialAction":[{"@type":"ReadAction","target":["https:\/\/www.atlanticaagricola.com\/en\/blog\/marta-gutirrez-new-ceo-of-atlntica-agrcola\/"]}]},{"@type":"ImageObject","inLanguage":"en-US","@id":"https:\/\/www.atlanticaagricola.com\/en\/blog\/marta-gutirrez-new-ceo-of-atlntica-agrcola\/#primaryimage","url":"https:\/\/www.atlanticaagricola.com\/wp-content\/uploads\/cuadrada-centrada-1.jpg","contentUrl":"https:\/\/www.atlanticaagricola.com\/wp-content\/uploads\/cuadrada-centrada-1.jpg","width":1200,"height":1220},{"@type":"BreadcrumbList","@id":"https:\/\/www.atlanticaagricola.com\/en\/blog\/marta-gutirrez-new-ceo-of-atlntica-agrcola\/#breadcrumb","itemListElement":[{"@type":"ListItem","position":1,"name":"Home","item":"https:\/\/www.atlanticaagricola.com\/en\/"},{"@type":"ListItem","position":2,"name":"Marta Guti&eacute;rrez, new CEO of Atl&aacute;ntica Agr&iacute;cola"}]},{"@type":"WebSite","@id":"https:\/\/www.atlanticaagricola.com\/en\/#website","url":"https:\/\/www.atlanticaagricola.com\/en\/","name":"Atlantica","description":"Empresa fabricante de productos agr\u00edcolas para grandes explotaciones","publisher":{"@id":"https:\/\/www.atlanticaagricola.com\/en\/#organization"},"alternateName":"Atl\u00e1ntica Agr\u00edcola","potentialAction":[{"@type":"SearchAction","target":{"@type":"EntryPoint","urlTemplate":"https:\/\/www.atlanticaagricola.com\/en\/?s={search_term_string}"},"query-input":{"@type":"PropertyValueSpecification","valueRequired":true,"valueName":"search_term_string"}}],"inLanguage":"en-US"},{"@type":"Organization","@id":"https:\/\/www.atlanticaagricola.com\/en\/#organization","name":"Atl\u00e1ntica Agr\u00edcola","alternateName":"AtlanticaAgricola","url":"https:\/\/www.atlanticaagricola.com\/en\/","logo":{"@type":"ImageObject","inLanguage":"en-US","@id":"https:\/\/www.atlanticaagricola.com\/en\/#\/schema\/logo\/image\/","url":"https:\/\/www.atlanticaagricola.com\/wp-content\/uploads\/bg_64_logo-atlantica-1.jpg","contentUrl":"https:\/\/www.atlanticaagricola.com\/wp-content\/uploads\/bg_64_logo-atlantica-1.jpg","width":800,"height":565,"caption":"Atl\u00e1ntica Agr\u00edcola"},"image":{"@id":"https:\/\/www.atlanticaagricola.com\/en\/#\/schema\/logo\/image\/"},"sameAs":["https:\/\/www.facebook.com\/atlanticaagricolaoficial","https:\/\/x.com\/atlanticaagri","https:\/\/www.instagram.com\/atlanticaagricola\/","https:\/\/www.linkedin.com\/company\/atl\u00e1ntica-agr\u00edcola\/"]},{"@type":"Person","@id":"https:\/\/www.atlanticaagricola.com\/en\/#\/schema\/person\/7cbf71cb6ae22e7e1579424226524640","name":"notificacion"}]}},"_links":{"self":[{"href":"https:\/\/www.atlanticaagricola.com\/en\/wp-json\/wp\/v2\/posts\/4421","targetHints":{"allow":["GET"]}}],"collection":[{"href":"https:\/\/www.atlanticaagricola.com\/en\/wp-json\/wp\/v2\/posts"}],"about":[{"href":"https:\/\/www.atlanticaagricola.com\/en\/wp-json\/wp\/v2\/types\/post"}],"author":[{"embeddable":true,"href":"https:\/\/www.atlanticaagricola.com\/en\/wp-json\/wp\/v2\/users\/4"}],"replies":[{"embeddable":true,"href":"https:\/\/www.atlanticaagricola.com\/en\/wp-json\/wp\/v2\/comments?post=4421"}],"version-history":[{"count":1,"href":"https:\/\/www.atlanticaagricola.com\/en\/wp-json\/wp\/v2\/posts\/4421\/revisions"}],"predecessor-version":[{"id":5907,"href":"https:\/\/www.atlanticaagricola.com\/en\/wp-json\/wp\/v2\/posts\/4421\/revisions\/5907"}],"wp:featuredmedia":[{"embeddable":true,"href":"https:\/\/www.atlanticaagricola.com\/en\/wp-json\/wp\/v2\/media\/4417"}],"wp:attachment":[{"href":"https:\/\/www.atlanticaagricola.com\/en\/wp-json\/wp\/v2\/media?parent=4421"}],"wp:term":[{"taxonomy":"category","embeddable":true,"href":"https:\/\/www.atlanticaagricola.com\/en\/wp-json\/wp\/v2\/categories?post=4421"},{"taxonomy":"post_tag","embeddable":true,"href":"https:\/\/www.atlanticaagricola.com\/en\/wp-json\/wp\/v2\/tags?post=4421"}],"curies":[{"name":"wp","href":"https:\/\/api.w.org\/{rel}","templated":true}]}}